{"id":18777,"date":"2026-08-26T13:52:08","date_gmt":"2026-08-26T10:52:08","guid":{"rendered":"https:\/\/www.hengitysliitto.fi\/yhdistysnetti\/?p=18777"},"modified":"2026-08-26T13:52:10","modified_gmt":"2026-08-26T10:52:10","slug":"liittovaalit-sivua-paivitetty","status":"publish","type":"post","link":"https:\/\/www.hengitysliitto.fi\/yhdistysnetti\/2026\/08\/26\/liittovaalit-sivua-paivitetty\/","title":{"rendered":"Liittovaalit -sivua p\u00e4ivitetty"},"content":{"rendered":"\n<p class=\"wp-block-paragraph\">Hengitysliiton liittovaltuustoon valitaan uudet valtuutetut kaudelle 2027-2030.<\/p>\n\n\n\n<p class=\"wp-block-paragraph\">Yhdistykset ovat asettaneet ehdokkaat ja ilmoittaneet heid\u00e4t Hengitysliitolle kev\u00e4\u00e4ll\u00e4. Syksyll\u00e4 yhdistykset antavat \u00e4\u00e4net ehdokkaille sek\u00e4 voivat ehdottaa vaalivaliokunnalle henkil\u00f6\u00e4 liittohallitukseen.<\/p>\n\n\n\n<p class=\"wp-block-paragraph\">Syksyn vaaliposti on l\u00e4hetetty yhdistyksille viikolla 34 liittorekisteriin ilmoitettuun osoitteeseen.<br><br>Tarkemmat ohjeet ja m\u00e4\u00e4r\u00e4p\u00e4iv\u00e4t sek\u00e4 kaikki materiaali l\u00f6ytyy <a href=\"https:\/\/www.hengitysliitto.fi\/yhdistysnetti\/hengitysyhdistyksen-hallinto\/liittovaalit\/\" target=\"_blank\" rel=\"noreferrer noopener\">yhdistysnetin liittovaalit -sivulta<\/a>.<\/p>\n","protected":false},"excerpt":{"rendered":"<p>Hengitysliiton liittovaltuustoon valitaan uudet valtuutetut kaudelle 2027-2030. Yhdistykset ovat asettaneet ehdokkaat ja ilmoittaneet heid\u00e4t Hengitysliitolle kev\u00e4\u00e4ll\u00e4. Syksyll\u00e4 yhdistykset antavat \u00e4\u00e4net ehdokkaille sek\u00e4 voivat ehdottaa&#8230;<\/p>\n","protected":false},"author":7,"featured_media":0,"comment_status":"closed","ping_status":"closed","sticky":false,"template":"","format":"standard","meta":{"_acf_changed":false,"footnotes":""},"categories":[1],"tags":[],"class_list":["post-18777","post","type-post","status-publish","format-standard","hentry","category-yleinen"],"acf":[],"yoast_head":"<!-- This site is optimized with the Yoast SEO plugin v28.3 - https:\/\/yoast.com\/product\/yoast-seo-wordpress\/ -->\n<title>Liittovaalit -sivua p\u00e4ivitetty - Yhdistysnetti<\/title>\n<meta name=\"robots\" content=\"index, follow, max-snippet:-1, max-image-preview:large, max-video-preview:-1\" \/>\n<link rel=\"canonical\" href=\"https:\/\/www.hengitysliitto.fi\/yhdistysnetti\/2026\/08\/26\/liittovaalit-sivua-paivitetty\/\" \/>\n<meta property=\"og:locale\" content=\"fi_FI\" \/>\n<meta property=\"og:type\" content=\"article\" \/>\n<meta property=\"og:title\" content=\"Liittovaalit -sivua p\u00e4ivitetty - Yhdistysnetti\" \/>\n<meta property=\"og:description\" content=\"Hengitysliiton liittovaltuustoon valitaan uudet valtuutetut kaudelle 2027-2030. Yhdistykset ovat asettaneet ehdokkaat ja ilmoittaneet heid\u00e4t Hengitysliitolle kev\u00e4\u00e4ll\u00e4. Syksyll\u00e4 yhdistykset antavat \u00e4\u00e4net ehdokkaille sek\u00e4 voivat ehdottaa...\" \/>\n<meta property=\"og:url\" content=\"https:\/\/www.hengitysliitto.fi\/yhdistysnetti\/2026\/08\/26\/liittovaalit-sivua-paivitetty\/\" \/>\n<meta property=\"og:site_name\" content=\"Yhdistysnetti\" \/>\n<meta property=\"article:published_time\" content=\"2026-08-26T10:52:08+00:00\" \/>\n<meta property=\"article:modified_time\" content=\"2026-08-26T10:52:10+00:00\" \/>\n<meta name=\"author\" content=\"hannaleenakarkkainen\" \/>\n<meta name=\"twitter:card\" content=\"summary_large_image\" \/>\n<meta name=\"twitter:label1\" content=\"Kirjoittanut\" \/>\n\t<meta name=\"twitter:data1\" content=\"hannaleenakarkkainen\" \/>\n\t<meta name=\"twitter:label2\" content=\"Arvioitu lukuaika\" \/>\n\t<meta name=\"twitter:data2\" content=\"1 minuutti\" \/>\n<script type=\"application\/ld+json\" class=\"yoast-schema-graph\">{\"@context\":\"https:\\\/\\\/schema.org\",\"@graph\":[{\"@type\":\"Article\",\"@id\":\"https:\\\/\\\/www.hengitysliitto.fi\\\/yhdistysnetti\\\/2026\\\/08\\\/26\\\/liittovaalit-sivua-paivitetty\\\/#article\",\"isPartOf\":{\"@id\":\"https:\\\/\\\/www.hengitysliitto.fi\\\/yhdistysnetti\\\/2026\\\/08\\\/26\\\/liittovaalit-sivua-paivitetty\\\/\"},\"author\":{\"name\":\"hannaleenakarkkainen\",\"@id\":\"https:\\\/\\\/www.hengitysliitto.fi\\\/yhdistysnetti\\\/#\\\/schema\\\/person\\\/9d8d27e3d459f3c58c2ca1673e5406da\"},\"headline\":\"Liittovaalit -sivua p\u00e4ivitetty\",\"datePublished\":\"2026-08-26T10:52:08+00:00\",\"dateModified\":\"2026-08-26T10:52:10+00:00\",\"mainEntityOfPage\":{\"@id\":\"https:\\\/\\\/www.hengitysliitto.fi\\\/yhdistysnetti\\\/2026\\\/08\\\/26\\\/liittovaalit-sivua-paivitetty\\\/\"},\"wordCount\":59,\"publisher\":{\"@id\":\"https:\\\/\\\/www.hengitysliitto.fi\\\/yhdistysnetti\\\/#organization\"},\"inLanguage\":\"fi\"},{\"@type\":\"WebPage\",\"@id\":\"https:\\\/\\\/www.hengitysliitto.fi\\\/yhdistysnetti\\\/2026\\\/08\\\/26\\\/liittovaalit-sivua-paivitetty\\\/\",\"url\":\"https:\\\/\\\/www.hengitysliitto.fi\\\/yhdistysnetti\\\/2026\\\/08\\\/26\\\/liittovaalit-sivua-paivitetty\\\/\",\"name\":\"Liittovaalit -sivua p\u00e4ivitetty - Yhdistysnetti\",\"isPartOf\":{\"@id\":\"https:\\\/\\\/www.hengitysliitto.fi\\\/yhdistysnetti\\\/#website\"},\"datePublished\":\"2026-08-26T10:52:08+00:00\",\"dateModified\":\"2026-08-26T10:52:10+00:00\",\"breadcrumb\":{\"@id\":\"https:\\\/\\\/www.hengitysliitto.fi\\\/yhdistysnetti\\\/2026\\\/08\\\/26\\\/liittovaalit-sivua-paivitetty\\\/#breadcrumb\"},\"inLanguage\":\"fi\",\"potentialAction\":[{\"@type\":\"ReadAction\",\"target\":[\"https:\\\/\\\/www.hengitysliitto.fi\\\/yhdistysnetti\\\/2026\\\/08\\\/26\\\/liittovaalit-sivua-paivitetty\\\/\"]}]},{\"@type\":\"BreadcrumbList\",\"@id\":\"https:\\\/\\\/www.hengitysliitto.fi\\\/yhdistysnetti\\\/2026\\\/08\\\/26\\\/liittovaalit-sivua-paivitetty\\\/#breadcrumb\",\"itemListElement\":[{\"@type\":\"ListItem\",\"position\":1,\"name\":\"Etusivu\",\"item\":\"https:\\\/\\\/www.hengitysliitto.fi\\\/yhdistysnetti\\\/\"},{\"@type\":\"ListItem\",\"position\":2,\"name\":\"Liittovaalit -sivua p\u00e4ivitetty\"}]},{\"@type\":\"WebSite\",\"@id\":\"https:\\\/\\\/www.hengitysliitto.fi\\\/yhdistysnetti\\\/#website\",\"url\":\"https:\\\/\\\/www.hengitysliitto.fi\\\/yhdistysnetti\\\/\",\"name\":\"Yhdistysnetti\",\"description\":\"Uusi Hengitysliitto Sites -sivusto\",\"publisher\":{\"@id\":\"https:\\\/\\\/www.hengitysliitto.fi\\\/yhdistysnetti\\\/#organization\"},\"potentialAction\":[{\"@type\":\"SearchAction\",\"target\":{\"@type\":\"EntryPoint\",\"urlTemplate\":\"https:\\\/\\\/www.hengitysliitto.fi\\\/yhdistysnetti\\\/?s={search_term_string}\"},\"query-input\":{\"@type\":\"PropertyValueSpecification\",\"valueRequired\":true,\"valueName\":\"search_term_string\"}}],\"inLanguage\":\"fi\"},{\"@type\":\"Organization\",\"@id\":\"https:\\\/\\\/www.hengitysliitto.fi\\\/yhdistysnetti\\\/#organization\",\"name\":\"Yhdistysnetti\",\"url\":\"https:\\\/\\\/www.hengitysliitto.fi\\\/yhdistysnetti\\\/\",\"logo\":{\"@type\":\"ImageObject\",\"inLanguage\":\"fi\",\"@id\":\"https:\\\/\\\/www.hengitysliitto.fi\\\/yhdistysnetti\\\/#\\\/schema\\\/logo\\\/image\\\/\",\"url\":\"https:\\\/\\\/www.hengitysliitto.fi\\\/yhdistysnetti\\\/wp-content\\\/uploads\\\/sites\\\/2\\\/2021\\\/03\\\/yhdistysnetti-logo-1.svg\",\"contentUrl\":\"https:\\\/\\\/www.hengitysliitto.fi\\\/yhdistysnetti\\\/wp-content\\\/uploads\\\/sites\\\/2\\\/2021\\\/03\\\/yhdistysnetti-logo-1.svg\",\"width\":150,\"height\":43,\"caption\":\"Yhdistysnetti\"},\"image\":{\"@id\":\"https:\\\/\\\/www.hengitysliitto.fi\\\/yhdistysnetti\\\/#\\\/schema\\\/logo\\\/image\\\/\"}},{\"@type\":\"Person\",\"@id\":\"https:\\\/\\\/www.hengitysliitto.fi\\\/yhdistysnetti\\\/#\\\/schema\\\/person\\\/9d8d27e3d459f3c58c2ca1673e5406da\",\"name\":\"hannaleenakarkkainen\",\"image\":{\"@type\":\"ImageObject\",\"inLanguage\":\"fi\",\"@id\":\"https:\\\/\\\/secure.gravatar.com\\\/avatar\\\/3e9c46ad645c9e649c996c32a266911e19aed74d6a1e87deb436303981fd27e0?s=96&d=mm&r=g\",\"url\":\"https:\\\/\\\/secure.gravatar.com\\\/avatar\\\/3e9c46ad645c9e649c996c32a266911e19aed74d6a1e87deb436303981fd27e0?s=96&d=mm&r=g\",\"contentUrl\":\"https:\\\/\\\/secure.gravatar.com\\\/avatar\\\/3e9c46ad645c9e649c996c32a266911e19aed74d6a1e87deb436303981fd27e0?s=96&d=mm&r=g\",\"caption\":\"hannaleenakarkkainen\"}}]}<\/script>\n<!-- \/ Yoast SEO plugin. -->","yoast_head_json":{"title":"Liittovaalit -sivua p\u00e4ivitetty - Yhdistysnetti","robots":{"index":"index","follow":"follow","max-snippet":"max-snippet:-1","max-image-preview":"max-image-preview:large","max-video-preview":"max-video-preview:-1"},"canonical":"https:\/\/www.hengitysliitto.fi\/yhdistysnetti\/2026\/08\/26\/liittovaalit-sivua-paivitetty\/","og_locale":"fi_FI","og_type":"article","og_title":"Liittovaalit -sivua p\u00e4ivitetty - Yhdistysnetti","og_description":"Hengitysliiton liittovaltuustoon valitaan uudet valtuutetut kaudelle 2027-2030. Yhdistykset ovat asettaneet ehdokkaat ja ilmoittaneet heid\u00e4t Hengitysliitolle kev\u00e4\u00e4ll\u00e4. Syksyll\u00e4 yhdistykset antavat \u00e4\u00e4net ehdokkaille sek\u00e4 voivat ehdottaa...","og_url":"https:\/\/www.hengitysliitto.fi\/yhdistysnetti\/2026\/08\/26\/liittovaalit-sivua-paivitetty\/","og_site_name":"Yhdistysnetti","article_published_time":"2026-08-26T10:52:08+00:00","article_modified_time":"2026-08-26T10:52:10+00:00","author":"hannaleenakarkkainen","twitter_card":"summary_large_image","twitter_misc":{"Kirjoittanut":"hannaleenakarkkainen","Arvioitu lukuaika":"1 minuutti"},"schema":{"@context":"https:\/\/schema.org","@graph":[{"@type":"Article","@id":"https:\/\/www.hengitysliitto.fi\/yhdistysnetti\/2026\/08\/26\/liittovaalit-sivua-paivitetty\/#article","isPartOf":{"@id":"https:\/\/www.hengitysliitto.fi\/yhdistysnetti\/2026\/08\/26\/liittovaalit-sivua-paivitetty\/"},"author":{"name":"hannaleenakarkkainen","@id":"https:\/\/www.hengitysliitto.fi\/yhdistysnetti\/#\/schema\/person\/9d8d27e3d459f3c58c2ca1673e5406da"},"headline":"Liittovaalit -sivua p\u00e4ivitetty","datePublished":"2026-08-26T10:52:08+00:00","dateModified":"2026-08-26T10:52:10+00:00","mainEntityOfPage":{"@id":"https:\/\/www.hengitysliitto.fi\/yhdistysnetti\/2026\/08\/26\/liittovaalit-sivua-paivitetty\/"},"wordCount":59,"publisher":{"@id":"https:\/\/www.hengitysliitto.fi\/yhdistysnetti\/#organization"},"inLanguage":"fi"},{"@type":"WebPage","@id":"https:\/\/www.hengitysliitto.fi\/yhdistysnetti\/2026\/08\/26\/liittovaalit-sivua-paivitetty\/","url":"https:\/\/www.hengitysliitto.fi\/yhdistysnetti\/2026\/08\/26\/liittovaalit-sivua-paivitetty\/","name":"Liittovaalit -sivua p\u00e4ivitetty - Yhdistysnetti","isPartOf":{"@id":"https:\/\/www.hengitysliitto.fi\/yhdistysnetti\/#website"},"datePublished":"2026-08-26T10:52:08+00:00","dateModified":"2026-08-26T10:52:10+00:00","breadcrumb":{"@id":"https:\/\/www.hengitysliitto.fi\/yhdistysnetti\/2026\/08\/26\/liittovaalit-sivua-paivitetty\/#breadcrumb"},"inLanguage":"fi","potentialAction":[{"@type":"ReadAction","target":["https:\/\/www.hengitysliitto.fi\/yhdistysnetti\/2026\/08\/26\/liittovaalit-sivua-paivitetty\/"]}]},{"@type":"BreadcrumbList","@id":"https:\/\/www.hengitysliitto.fi\/yhdistysnetti\/2026\/08\/26\/liittovaalit-sivua-paivitetty\/#breadcrumb","itemListElement":[{"@type":"ListItem","position":1,"name":"Etusivu","item":"https:\/\/www.hengitysliitto.fi\/yhdistysnetti\/"},{"@type":"ListItem","position":2,"name":"Liittovaalit -sivua p\u00e4ivitetty"}]},{"@type":"WebSite","@id":"https:\/\/www.hengitysliitto.fi\/yhdistysnetti\/#website","url":"https:\/\/www.hengitysliitto.fi\/yhdistysnetti\/","name":"Yhdistysnetti","description":"Uusi Hengitysliitto Sites -sivusto","publisher":{"@id":"https:\/\/www.hengitysliitto.fi\/yhdistysnetti\/#organization"},"potentialAction":[{"@type":"SearchAction","target":{"@type":"EntryPoint","urlTemplate":"https:\/\/www.hengitysliitto.fi\/yhdistysnetti\/?s={search_term_string}"},"query-input":{"@type":"PropertyValueSpecification","valueRequired":true,"valueName":"search_term_string"}}],"inLanguage":"fi"},{"@type":"Organization","@id":"https:\/\/www.hengitysliitto.fi\/yhdistysnetti\/#organization","name":"Yhdistysnetti","url":"https:\/\/www.hengitysliitto.fi\/yhdistysnetti\/","logo":{"@type":"ImageObject","inLanguage":"fi","@id":"https:\/\/www.hengitysliitto.fi\/yhdistysnetti\/#\/schema\/logo\/image\/","url":"https:\/\/www.hengitysliitto.fi\/yhdistysnetti\/wp-content\/uploads\/sites\/2\/2021\/03\/yhdistysnetti-logo-1.svg","contentUrl":"https:\/\/www.hengitysliitto.fi\/yhdistysnetti\/wp-content\/uploads\/sites\/2\/2021\/03\/yhdistysnetti-logo-1.svg","width":150,"height":43,"caption":"Yhdistysnetti"},"image":{"@id":"https:\/\/www.hengitysliitto.fi\/yhdistysnetti\/#\/schema\/logo\/image\/"}},{"@type":"Person","@id":"https:\/\/www.hengitysliitto.fi\/yhdistysnetti\/#\/schema\/person\/9d8d27e3d459f3c58c2ca1673e5406da","name":"hannaleenakarkkainen","image":{"@type":"ImageObject","inLanguage":"fi","@id":"https:\/\/secure.gravatar.com\/avatar\/3e9c46ad645c9e649c996c32a266911e19aed74d6a1e87deb436303981fd27e0?s=96&d=mm&r=g","url":"https:\/\/secure.gravatar.com\/avatar\/3e9c46ad645c9e649c996c32a266911e19aed74d6a1e87deb436303981fd27e0?s=96&d=mm&r=g","contentUrl":"https:\/\/secure.gravatar.com\/avatar\/3e9c46ad645c9e649c996c32a266911e19aed74d6a1e87deb436303981fd27e0?s=96&d=mm&r=g","caption":"hannaleenakarkkainen"}}]}},"_links":{"self":[{"href":"https:\/\/www.hengitysliitto.fi\/yhdistysnetti\/wp-json\/wp\/v2\/posts\/18777","targetHints":{"allow":["GET"]}}],"collection":[{"href":"https:\/\/www.hengitysliitto.fi\/yhdistysnetti\/wp-json\/wp\/v2\/posts"}],"about":[{"href":"https:\/\/www.hengitysliitto.fi\/yhdistysnetti\/wp-json\/wp\/v2\/types\/post"}],"author":[{"embeddable":true,"href":"https:\/\/www.hengitysliitto.fi\/yhdistysnetti\/wp-json\/wp\/v2\/users\/7"}],"replies":[{"embeddable":true,"href":"https:\/\/www.hengitysliitto.fi\/yhdistysnetti\/wp-json\/wp\/v2\/comments?post=18777"}],"version-history":[{"count":1,"href":"https:\/\/www.hengitysliitto.fi\/yhdistysnetti\/wp-json\/wp\/v2\/posts\/18777\/revisions"}],"predecessor-version":[{"id":18780,"href":"https:\/\/www.hengitysliitto.fi\/yhdistysnetti\/wp-json\/wp\/v2\/posts\/18777\/revisions\/18780"}],"wp:attachment":[{"href":"https:\/\/www.hengitysliitto.fi\/yhdistysnetti\/wp-json\/wp\/v2\/media?parent=18777"}],"wp:term":[{"taxonomy":"category","embeddable":true,"href":"https:\/\/www.hengitysliitto.fi\/yhdistysnetti\/wp-json\/wp\/v2\/categories?post=18777"},{"taxonomy":"post_tag","embeddable":true,"href":"https:\/\/www.hengitysliitto.fi\/yhdistysnetti\/wp-json\/wp\/v2\/tags?post=18777"}],"curies":[{"name":"wp","href":"https:\/\/api.w.org\/{rel}","templated":true}]}}