{"id":18783,"date":"2026-08-27T08:56:22","date_gmt":"2026-08-27T05:56:22","guid":{"rendered":"https:\/\/www.hengitysliitto.fi\/yhdistysnetti\/?p=18783"},"modified":"2026-08-27T08:56:23","modified_gmt":"2026-08-27T05:56:23","slug":"ilmoita-yhdistyksesi-mukaan-pieni-ele-keraykseen-2027","status":"publish","type":"post","link":"https:\/\/www.hengitysliitto.fi\/yhdistysnetti\/2026\/08\/27\/ilmoita-yhdistyksesi-mukaan-pieni-ele-keraykseen-2027\/","title":{"rendered":"Ilmoita yhdistyksesi mukaan Pieni ele -ker\u00e4ykseen 2027! \u00a0"},"content":{"rendered":"\n<p class=\"wp-block-paragraph\">Jos haluat kysy\u00e4 mukanaolosta tai ker\u00e4yksest\u00e4, ota yhteys suoraan 0400 887&nbsp;114 tai <a href=\"mailto:info@pieniele.fi\" rel=\"noreferrer noopener\" target=\"_blank\">info@pieniele.fi<\/a>.<\/p>\n\n\n\n<p class=\"wp-block-paragraph\">Jos yhdistyksesi ei ole aiemmin osallistunut ker\u00e4ykseen, ilmoittautuminen on teht\u00e4v\u00e4<strong> 9.10.2026<\/strong> menness\u00e4.\u00a0Aiemmin mukana olleet yhdistykset saavat ilmoittautumislomakkeen syyskuun loppuun menness\u00e4, jossa he voivat ilmoittaa muutokset tai lis\u00e4t\u00e4 tietoja. Edelliseen ker\u00e4ykseen osallistuneet paikallisyhdistykset ovat automaattisesti mukana ker\u00e4yksess\u00e4 samoilla tiedoilla.\u00a0<\/p>\n\n\n\n<p class=\"wp-block-paragraph\">Ilmoittautumisen yhteydess\u00e4 sinun on annettava seuraavat tiedot:\u00a0<\/p>\n\n\n\n<ul class=\"wp-block-list\">\n<li>Kuka on yhdistyksesi p\u00e4\u00e4yhteyshenkil\u00f6 Pieni ele-ker\u00e4ysasioissa (nimi, puhelinnumero ja s\u00e4hk\u00f6postiosoite)<\/li>\n\n\n\n<li>Yhdistyksesi tilinumero, jonne ker\u00e4yksen kautta saatuja avustuksia maksetaan. Tilinumeron varmentamiseksi tarvitsemme todisteen, eli esimerkiksi kuvakaappauksen tiliotteesta, josta n\u00e4emme, ett\u00e4 tili on yhdistyksen virallinen tili.<\/li>\n\n\n\n<li>Tieto, miss\u00e4 kunnissa yhdistys aikoo osallistua ker\u00e4ykseen.<\/li>\n\n\n\n<li>Lis\u00e4ksi tarvitsemme kuntakohtaisen yhteyshenkil\u00f6n tiedot jokaiseen kuntaan, jossa aikovat osallistua ker\u00e4ykseen (nimi, puhelinnumero ja s\u00e4hk\u00f6postiosoite).<\/li>\n<\/ul>\n\n\n\n<p class=\"wp-block-paragraph\">Jokainen kunta pit\u00e4\u00e4 ker\u00e4yksen ensikokouksen, joka tulee pidett\u00e4v\u00e4ksi marraskuun aikana. Kokouksen kutsuu ja j\u00e4rjest\u00e4\u00e4 paikallinen yhteyshenkil\u00f6 (usein edellisen ker\u00e4yksen ker\u00e4ysvastaava). Aloituskokouksessa p\u00e4\u00e4tet\u00e4\u00e4n ker\u00e4yksen paikallisista asioista kaikkien mukana olevien yhdistysten kesken.<\/p>\n\n\n\n<p class=\"wp-block-paragraph\">Lipasker\u00e4ys toteutuu eduskuntavaalien aikaan ennakko\u00e4\u00e4nestyspaikoissa 7.-13.4.2027 sek\u00e4 varsinaisen \u00e4\u00e4nestyspaikan pisteiss\u00e4 18.4.2027.<br><br>Avustusten maksu tapahtuu suoraan yhdistysten pankkitileille touko-kes\u00e4kuun 2027 aikana.<\/p>\n\n\n\n<p class=\"wp-block-paragraph\">Katso video, joka kertoo enemm\u00e4n ker\u00e4yksest\u00e4: <a href=\"https:\/\/www.youtube.com\/watch?v=Dp0oVqYWnt8\" rel=\"noreferrer noopener\" target=\"_blank\">https:\/\/www.youtube.com\/watch?v=Dp0oVqYWnt8<\/a><\/p>\n","protected":false},"excerpt":{"rendered":"<p>Jos haluat kysy\u00e4 mukanaolosta tai ker\u00e4yksest\u00e4, ota yhteys suoraan 0400 887&nbsp;114 tai info@pieniele.fi. Jos yhdistyksesi ei ole aiemmin osallistunut ker\u00e4ykseen, ilmoittautuminen on teht\u00e4v\u00e4 9.10.2026&#8230;<\/p>\n","protected":false},"author":11,"featured_media":0,"comment_status":"closed","ping_status":"closed","sticky":false,"template":"","format":"standard","meta":{"_acf_changed":false,"footnotes":""},"categories":[1],"tags":[],"class_list":["post-18783","post","type-post","status-publish","format-standard","hentry","category-yleinen"],"acf":[],"yoast_head":"<!-- This site is optimized with the Yoast SEO plugin v28.3 - https:\/\/yoast.com\/product\/yoast-seo-wordpress\/ -->\n<title>Ilmoita yhdistyksesi mukaan Pieni ele -ker\u00e4ykseen 2027! \u00a0 - Yhdistysnetti<\/title>\n<meta name=\"robots\" content=\"index, follow, max-snippet:-1, max-image-preview:large, max-video-preview:-1\" \/>\n<link rel=\"canonical\" href=\"https:\/\/www.hengitysliitto.fi\/yhdistysnetti\/2026\/08\/27\/ilmoita-yhdistyksesi-mukaan-pieni-ele-keraykseen-2027\/\" \/>\n<meta property=\"og:locale\" content=\"fi_FI\" \/>\n<meta property=\"og:type\" content=\"article\" \/>\n<meta property=\"og:title\" content=\"Ilmoita yhdistyksesi mukaan Pieni ele -ker\u00e4ykseen 2027! \u00a0 - Yhdistysnetti\" \/>\n<meta property=\"og:description\" content=\"Jos haluat kysy\u00e4 mukanaolosta tai ker\u00e4yksest\u00e4, ota yhteys suoraan 0400 887&nbsp;114 tai info@pieniele.fi. Jos yhdistyksesi ei ole aiemmin osallistunut ker\u00e4ykseen, ilmoittautuminen on teht\u00e4v\u00e4 9.10.2026...\" \/>\n<meta property=\"og:url\" content=\"https:\/\/www.hengitysliitto.fi\/yhdistysnetti\/2026\/08\/27\/ilmoita-yhdistyksesi-mukaan-pieni-ele-keraykseen-2027\/\" \/>\n<meta property=\"og:site_name\" content=\"Yhdistysnetti\" \/>\n<meta property=\"article:published_time\" content=\"2026-08-27T05:56:22+00:00\" \/>\n<meta property=\"article:modified_time\" content=\"2026-08-27T05:56:23+00:00\" \/>\n<meta name=\"author\" content=\"selinakangas\" \/>\n<meta name=\"twitter:card\" content=\"summary_large_image\" \/>\n<meta name=\"twitter:label1\" content=\"Kirjoittanut\" \/>\n\t<meta name=\"twitter:data1\" content=\"selinakangas\" \/>\n\t<meta name=\"twitter:label2\" content=\"Arvioitu lukuaika\" \/>\n\t<meta name=\"twitter:data2\" content=\"2 minuuttia\" \/>\n<script type=\"application\/ld+json\" class=\"yoast-schema-graph\">{\"@context\":\"https:\\\/\\\/schema.org\",\"@graph\":[{\"@type\":\"Article\",\"@id\":\"https:\\\/\\\/www.hengitysliitto.fi\\\/yhdistysnetti\\\/2026\\\/08\\\/27\\\/ilmoita-yhdistyksesi-mukaan-pieni-ele-keraykseen-2027\\\/#article\",\"isPartOf\":{\"@id\":\"https:\\\/\\\/www.hengitysliitto.fi\\\/yhdistysnetti\\\/2026\\\/08\\\/27\\\/ilmoita-yhdistyksesi-mukaan-pieni-ele-keraykseen-2027\\\/\"},\"author\":{\"name\":\"selinakangas\",\"@id\":\"https:\\\/\\\/www.hengitysliitto.fi\\\/yhdistysnetti\\\/#\\\/schema\\\/person\\\/9ffda814924b1afc6cb64050d41e975f\"},\"headline\":\"Ilmoita yhdistyksesi mukaan Pieni ele -ker\u00e4ykseen 2027! \u00a0\",\"datePublished\":\"2026-08-27T05:56:22+00:00\",\"dateModified\":\"2026-08-27T05:56:23+00:00\",\"mainEntityOfPage\":{\"@id\":\"https:\\\/\\\/www.hengitysliitto.fi\\\/yhdistysnetti\\\/2026\\\/08\\\/27\\\/ilmoita-yhdistyksesi-mukaan-pieni-ele-keraykseen-2027\\\/\"},\"wordCount\":216,\"publisher\":{\"@id\":\"https:\\\/\\\/www.hengitysliitto.fi\\\/yhdistysnetti\\\/#organization\"},\"inLanguage\":\"fi\"},{\"@type\":\"WebPage\",\"@id\":\"https:\\\/\\\/www.hengitysliitto.fi\\\/yhdistysnetti\\\/2026\\\/08\\\/27\\\/ilmoita-yhdistyksesi-mukaan-pieni-ele-keraykseen-2027\\\/\",\"url\":\"https:\\\/\\\/www.hengitysliitto.fi\\\/yhdistysnetti\\\/2026\\\/08\\\/27\\\/ilmoita-yhdistyksesi-mukaan-pieni-ele-keraykseen-2027\\\/\",\"name\":\"Ilmoita yhdistyksesi mukaan Pieni ele -ker\u00e4ykseen 2027! \u00a0 - Yhdistysnetti\",\"isPartOf\":{\"@id\":\"https:\\\/\\\/www.hengitysliitto.fi\\\/yhdistysnetti\\\/#website\"},\"datePublished\":\"2026-08-27T05:56:22+00:00\",\"dateModified\":\"2026-08-27T05:56:23+00:00\",\"breadcrumb\":{\"@id\":\"https:\\\/\\\/www.hengitysliitto.fi\\\/yhdistysnetti\\\/2026\\\/08\\\/27\\\/ilmoita-yhdistyksesi-mukaan-pieni-ele-keraykseen-2027\\\/#breadcrumb\"},\"inLanguage\":\"fi\",\"potentialAction\":[{\"@type\":\"ReadAction\",\"target\":[\"https:\\\/\\\/www.hengitysliitto.fi\\\/yhdistysnetti\\\/2026\\\/08\\\/27\\\/ilmoita-yhdistyksesi-mukaan-pieni-ele-keraykseen-2027\\\/\"]}]},{\"@type\":\"BreadcrumbList\",\"@id\":\"https:\\\/\\\/www.hengitysliitto.fi\\\/yhdistysnetti\\\/2026\\\/08\\\/27\\\/ilmoita-yhdistyksesi-mukaan-pieni-ele-keraykseen-2027\\\/#breadcrumb\",\"itemListElement\":[{\"@type\":\"ListItem\",\"position\":1,\"name\":\"Etusivu\",\"item\":\"https:\\\/\\\/www.hengitysliitto.fi\\\/yhdistysnetti\\\/\"},{\"@type\":\"ListItem\",\"position\":2,\"name\":\"Ilmoita yhdistyksesi mukaan Pieni ele -ker\u00e4ykseen 2027! \u00a0\"}]},{\"@type\":\"WebSite\",\"@id\":\"https:\\\/\\\/www.hengitysliitto.fi\\\/yhdistysnetti\\\/#website\",\"url\":\"https:\\\/\\\/www.hengitysliitto.fi\\\/yhdistysnetti\\\/\",\"name\":\"Yhdistysnetti\",\"description\":\"Uusi Hengitysliitto Sites -sivusto\",\"publisher\":{\"@id\":\"https:\\\/\\\/www.hengitysliitto.fi\\\/yhdistysnetti\\\/#organization\"},\"potentialAction\":[{\"@type\":\"SearchAction\",\"target\":{\"@type\":\"EntryPoint\",\"urlTemplate\":\"https:\\\/\\\/www.hengitysliitto.fi\\\/yhdistysnetti\\\/?s={search_term_string}\"},\"query-input\":{\"@type\":\"PropertyValueSpecification\",\"valueRequired\":true,\"valueName\":\"search_term_string\"}}],\"inLanguage\":\"fi\"},{\"@type\":\"Organization\",\"@id\":\"https:\\\/\\\/www.hengitysliitto.fi\\\/yhdistysnetti\\\/#organization\",\"name\":\"Yhdistysnetti\",\"url\":\"https:\\\/\\\/www.hengitysliitto.fi\\\/yhdistysnetti\\\/\",\"logo\":{\"@type\":\"ImageObject\",\"inLanguage\":\"fi\",\"@id\":\"https:\\\/\\\/www.hengitysliitto.fi\\\/yhdistysnetti\\\/#\\\/schema\\\/logo\\\/image\\\/\",\"url\":\"https:\\\/\\\/www.hengitysliitto.fi\\\/yhdistysnetti\\\/wp-content\\\/uploads\\\/sites\\\/2\\\/2021\\\/03\\\/yhdistysnetti-logo-1.svg\",\"contentUrl\":\"https:\\\/\\\/www.hengitysliitto.fi\\\/yhdistysnetti\\\/wp-content\\\/uploads\\\/sites\\\/2\\\/2021\\\/03\\\/yhdistysnetti-logo-1.svg\",\"width\":150,\"height\":43,\"caption\":\"Yhdistysnetti\"},\"image\":{\"@id\":\"https:\\\/\\\/www.hengitysliitto.fi\\\/yhdistysnetti\\\/#\\\/schema\\\/logo\\\/image\\\/\"}},{\"@type\":\"Person\",\"@id\":\"https:\\\/\\\/www.hengitysliitto.fi\\\/yhdistysnetti\\\/#\\\/schema\\\/person\\\/9ffda814924b1afc6cb64050d41e975f\",\"name\":\"selinakangas\",\"image\":{\"@type\":\"ImageObject\",\"inLanguage\":\"fi\",\"@id\":\"https:\\\/\\\/secure.gravatar.com\\\/avatar\\\/35d865a2213c64b62c90464f19ddcca43635575b082cdba469487f8e94020365?s=96&d=mm&r=g\",\"url\":\"https:\\\/\\\/secure.gravatar.com\\\/avatar\\\/35d865a2213c64b62c90464f19ddcca43635575b082cdba469487f8e94020365?s=96&d=mm&r=g\",\"contentUrl\":\"https:\\\/\\\/secure.gravatar.com\\\/avatar\\\/35d865a2213c64b62c90464f19ddcca43635575b082cdba469487f8e94020365?s=96&d=mm&r=g\",\"caption\":\"selinakangas\"}}]}<\/script>\n<!-- \/ Yoast SEO plugin. -->","yoast_head_json":{"title":"Ilmoita yhdistyksesi mukaan Pieni ele -ker\u00e4ykseen 2027! \u00a0 - Yhdistysnetti","robots":{"index":"index","follow":"follow","max-snippet":"max-snippet:-1","max-image-preview":"max-image-preview:large","max-video-preview":"max-video-preview:-1"},"canonical":"https:\/\/www.hengitysliitto.fi\/yhdistysnetti\/2026\/08\/27\/ilmoita-yhdistyksesi-mukaan-pieni-ele-keraykseen-2027\/","og_locale":"fi_FI","og_type":"article","og_title":"Ilmoita yhdistyksesi mukaan Pieni ele -ker\u00e4ykseen 2027! \u00a0 - Yhdistysnetti","og_description":"Jos haluat kysy\u00e4 mukanaolosta tai ker\u00e4yksest\u00e4, ota yhteys suoraan 0400 887&nbsp;114 tai info@pieniele.fi. Jos yhdistyksesi ei ole aiemmin osallistunut ker\u00e4ykseen, ilmoittautuminen on teht\u00e4v\u00e4 9.10.2026...","og_url":"https:\/\/www.hengitysliitto.fi\/yhdistysnetti\/2026\/08\/27\/ilmoita-yhdistyksesi-mukaan-pieni-ele-keraykseen-2027\/","og_site_name":"Yhdistysnetti","article_published_time":"2026-08-27T05:56:22+00:00","article_modified_time":"2026-08-27T05:56:23+00:00","author":"selinakangas","twitter_card":"summary_large_image","twitter_misc":{"Kirjoittanut":"selinakangas","Arvioitu lukuaika":"2 minuuttia"},"schema":{"@context":"https:\/\/schema.org","@graph":[{"@type":"Article","@id":"https:\/\/www.hengitysliitto.fi\/yhdistysnetti\/2026\/08\/27\/ilmoita-yhdistyksesi-mukaan-pieni-ele-keraykseen-2027\/#article","isPartOf":{"@id":"https:\/\/www.hengitysliitto.fi\/yhdistysnetti\/2026\/08\/27\/ilmoita-yhdistyksesi-mukaan-pieni-ele-keraykseen-2027\/"},"author":{"name":"selinakangas","@id":"https:\/\/www.hengitysliitto.fi\/yhdistysnetti\/#\/schema\/person\/9ffda814924b1afc6cb64050d41e975f"},"headline":"Ilmoita yhdistyksesi mukaan Pieni ele -ker\u00e4ykseen 2027! \u00a0","datePublished":"2026-08-27T05:56:22+00:00","dateModified":"2026-08-27T05:56:23+00:00","mainEntityOfPage":{"@id":"https:\/\/www.hengitysliitto.fi\/yhdistysnetti\/2026\/08\/27\/ilmoita-yhdistyksesi-mukaan-pieni-ele-keraykseen-2027\/"},"wordCount":216,"publisher":{"@id":"https:\/\/www.hengitysliitto.fi\/yhdistysnetti\/#organization"},"inLanguage":"fi"},{"@type":"WebPage","@id":"https:\/\/www.hengitysliitto.fi\/yhdistysnetti\/2026\/08\/27\/ilmoita-yhdistyksesi-mukaan-pieni-ele-keraykseen-2027\/","url":"https:\/\/www.hengitysliitto.fi\/yhdistysnetti\/2026\/08\/27\/ilmoita-yhdistyksesi-mukaan-pieni-ele-keraykseen-2027\/","name":"Ilmoita yhdistyksesi mukaan Pieni ele -ker\u00e4ykseen 2027! \u00a0 - Yhdistysnetti","isPartOf":{"@id":"https:\/\/www.hengitysliitto.fi\/yhdistysnetti\/#website"},"datePublished":"2026-08-27T05:56:22+00:00","dateModified":"2026-08-27T05:56:23+00:00","breadcrumb":{"@id":"https:\/\/www.hengitysliitto.fi\/yhdistysnetti\/2026\/08\/27\/ilmoita-yhdistyksesi-mukaan-pieni-ele-keraykseen-2027\/#breadcrumb"},"inLanguage":"fi","potentialAction":[{"@type":"ReadAction","target":["https:\/\/www.hengitysliitto.fi\/yhdistysnetti\/2026\/08\/27\/ilmoita-yhdistyksesi-mukaan-pieni-ele-keraykseen-2027\/"]}]},{"@type":"BreadcrumbList","@id":"https:\/\/www.hengitysliitto.fi\/yhdistysnetti\/2026\/08\/27\/ilmoita-yhdistyksesi-mukaan-pieni-ele-keraykseen-2027\/#breadcrumb","itemListElement":[{"@type":"ListItem","position":1,"name":"Etusivu","item":"https:\/\/www.hengitysliitto.fi\/yhdistysnetti\/"},{"@type":"ListItem","position":2,"name":"Ilmoita yhdistyksesi mukaan Pieni ele -ker\u00e4ykseen 2027! \u00a0"}]},{"@type":"WebSite","@id":"https:\/\/www.hengitysliitto.fi\/yhdistysnetti\/#website","url":"https:\/\/www.hengitysliitto.fi\/yhdistysnetti\/","name":"Yhdistysnetti","description":"Uusi Hengitysliitto Sites -sivusto","publisher":{"@id":"https:\/\/www.hengitysliitto.fi\/yhdistysnetti\/#organization"},"potentialAction":[{"@type":"SearchAction","target":{"@type":"EntryPoint","urlTemplate":"https:\/\/www.hengitysliitto.fi\/yhdistysnetti\/?s={search_term_string}"},"query-input":{"@type":"PropertyValueSpecification","valueRequired":true,"valueName":"search_term_string"}}],"inLanguage":"fi"},{"@type":"Organization","@id":"https:\/\/www.hengitysliitto.fi\/yhdistysnetti\/#organization","name":"Yhdistysnetti","url":"https:\/\/www.hengitysliitto.fi\/yhdistysnetti\/","logo":{"@type":"ImageObject","inLanguage":"fi","@id":"https:\/\/www.hengitysliitto.fi\/yhdistysnetti\/#\/schema\/logo\/image\/","url":"https:\/\/www.hengitysliitto.fi\/yhdistysnetti\/wp-content\/uploads\/sites\/2\/2021\/03\/yhdistysnetti-logo-1.svg","contentUrl":"https:\/\/www.hengitysliitto.fi\/yhdistysnetti\/wp-content\/uploads\/sites\/2\/2021\/03\/yhdistysnetti-logo-1.svg","width":150,"height":43,"caption":"Yhdistysnetti"},"image":{"@id":"https:\/\/www.hengitysliitto.fi\/yhdistysnetti\/#\/schema\/logo\/image\/"}},{"@type":"Person","@id":"https:\/\/www.hengitysliitto.fi\/yhdistysnetti\/#\/schema\/person\/9ffda814924b1afc6cb64050d41e975f","name":"selinakangas","image":{"@type":"ImageObject","inLanguage":"fi","@id":"https:\/\/secure.gravatar.com\/avatar\/35d865a2213c64b62c90464f19ddcca43635575b082cdba469487f8e94020365?s=96&d=mm&r=g","url":"https:\/\/secure.gravatar.com\/avatar\/35d865a2213c64b62c90464f19ddcca43635575b082cdba469487f8e94020365?s=96&d=mm&r=g","contentUrl":"https:\/\/secure.gravatar.com\/avatar\/35d865a2213c64b62c90464f19ddcca43635575b082cdba469487f8e94020365?s=96&d=mm&r=g","caption":"selinakangas"}}]}},"_links":{"self":[{"href":"https:\/\/www.hengitysliitto.fi\/yhdistysnetti\/wp-json\/wp\/v2\/posts\/18783","targetHints":{"allow":["GET"]}}],"collection":[{"href":"https:\/\/www.hengitysliitto.fi\/yhdistysnetti\/wp-json\/wp\/v2\/posts"}],"about":[{"href":"https:\/\/www.hengitysliitto.fi\/yhdistysnetti\/wp-json\/wp\/v2\/types\/post"}],"author":[{"embeddable":true,"href":"https:\/\/www.hengitysliitto.fi\/yhdistysnetti\/wp-json\/wp\/v2\/users\/11"}],"replies":[{"embeddable":true,"href":"https:\/\/www.hengitysliitto.fi\/yhdistysnetti\/wp-json\/wp\/v2\/comments?post=18783"}],"version-history":[{"count":1,"href":"https:\/\/www.hengitysliitto.fi\/yhdistysnetti\/wp-json\/wp\/v2\/posts\/18783\/revisions"}],"predecessor-version":[{"id":18784,"href":"https:\/\/www.hengitysliitto.fi\/yhdistysnetti\/wp-json\/wp\/v2\/posts\/18783\/revisions\/18784"}],"wp:attachment":[{"href":"https:\/\/www.hengitysliitto.fi\/yhdistysnetti\/wp-json\/wp\/v2\/media?parent=18783"}],"wp:term":[{"taxonomy":"category","embeddable":true,"href":"https:\/\/www.hengitysliitto.fi\/yhdistysnetti\/wp-json\/wp\/v2\/categories?post=18783"},{"taxonomy":"post_tag","embeddable":true,"href":"https:\/\/www.hengitysliitto.fi\/yhdistysnetti\/wp-json\/wp\/v2\/tags?post=18783"}],"curies":[{"name":"wp","href":"https:\/\/api.w.org\/{rel}","templated":true}]}}