{"id":18786,"date":"2026-08-27T14:43:59","date_gmt":"2026-08-27T11:43:59","guid":{"rendered":"https:\/\/www.hengitysliitto.fi\/yhdistysnetti\/?p=18786"},"modified":"2026-08-27T14:43:59","modified_gmt":"2026-08-27T11:43:59","slug":"kiitosta-ja-kannustusta","status":"publish","type":"post","link":"https:\/\/www.hengitysliitto.fi\/yhdistysnetti\/2026\/08\/27\/kiitosta-ja-kannustusta\/","title":{"rendered":"Kiitosta ja kannustusta"},"content":{"rendered":"\n<p class=\"wp-block-paragraph\"><em>Hengitysliiton liittohallitus esitt\u00e4\u00e4 kiitoksensa kaikille hengitysyhdistyksille ja niiss\u00e4 toimiville vapaaehtoisille sek\u00e4 liiton valtakunnallisissa vapaaehtoisteht\u00e4viss\u00e4 toimiville ihmisille. Uusi strategiamme vie meit\u00e4 yhdess\u00e4 kohti p\u00e4\u00e4m\u00e4\u00e4r\u00e4\u00e4, jossa jokaisen on hyv\u00e4 hengitt\u00e4\u00e4. Meit\u00e4 tarvitaan edelleen yhteiskunnassa tarjoamaan tietoa ja tukea hengityssairautta sairastaville sek\u00e4 edist\u00e4m\u00e4\u00e4n hengitysterveytt\u00e4.<\/em><\/p>\n\n\n\n<h3 class=\"wp-block-heading\">Vakaa pohja kest\u00e4\u00e4 yli vaikeiden aikojen<\/h3>\n\n\n\n<p class=\"wp-block-paragraph\">Kykymme muuttua ja huolehtia ihmisist\u00e4 on kantanut toimintaamme sen 85-vuotisen historian ajan. Olemme uudistaneet toimintaa, uskaltaneet luopua vanhasta ja katsoneet tulevaisuuteen. Yhdess\u00e4 toimivan johdon kanssa olemme varmistaneet, ett\u00e4 toimintaedellytykset kantavat, liiton talous on vakaalla pohjalla ja maine erinomaisella tasolla.<\/p>\n\n\n\n<p class=\"wp-block-paragraph\"><br>Hengitysliitto tarjoaa j\u00e4senyhdistyksilleen jatkossakin monenlaista tukea ja ohjausta. Hallinnon helpottamiseksi tarjoamme yhteisen tietoturvallisen rekisterij\u00e4rjestelm\u00e4n, neuvontaa ja tukea yhdistyksen toimintaan ja hallintoon mallis\u00e4\u00e4nn\u00f6ist\u00e4 alkaen. Tuemme toiminnan ja osaamisen kehitt\u00e4mist\u00e4 tarjoamalla koulutuksia niin hallitusty\u00f6skentelyst\u00e4 kuin vapaaehtoistoiminnan ohjauksesta ja j\u00e4rjest\u00e4misest\u00e4. J\u00e4rjest\u00e4mme tilaisuuksia ja tapaamisia, kuten j\u00e4rjest\u00f6p\u00e4ivi\u00e4. Liitto mahdollistaa yhdistyksille my\u00f6s taloudellista tukea (j\u00e4senj\u00e4rjest\u00f6avustukset, Sivis-tuki koulutuksiin, osallistumismahdollisuus Pieni ele -ker\u00e4yksiin).<\/p>\n\n\n\n<p class=\"wp-block-paragraph\"><br>Hengitysliitosta saa neuvontaa sosiaaliturvasta, harvinaisista hengityssairauksista, sis\u00e4ilma- ja korjausasioista sek\u00e4 savuttomuudesta ja nikotiinituotteiden k\u00e4yt\u00f6n lopettamisesta. Saatavilla on my\u00f6s valtakunnallista vertaistukea.<\/p>\n\n\n\n<h3 class=\"wp-block-heading\">Hy\u00f6dynn\u00e4 liiton tuottamat materiaalit<\/h3>\n\n\n\n<p class=\"wp-block-paragraph\">Teemme selvityksi\u00e4 hengitysterveyteen ja -sairauksiin liittyvist\u00e4 aiheista, joita my\u00f6s yhdistykset voivat hy\u00f6dynt\u00e4\u00e4 vaikuttamisessa ja toiminnan kehitt\u00e4misess\u00e4. Tuotamme valmiita materiaaleja, kuten verkkotilaisuuksia ja tallenteita sek\u00e4 oppaita. Tuemme yhdistyksi\u00e4 tarjoamalla M365-ymp\u00e4rist\u00f6n, kotisivupohjat ja sivustojen uudistamisen, yhdistysnetin monipuoliset sis\u00e4ll\u00f6t sek\u00e4 tietysti Hengitys-lehden.<\/p>\n\n\n\n<p class=\"wp-block-paragraph\"><br>Liiton valtakunnalliset kampanjat eri aiheista rakentavat pohjaa yhteiselle n\u00e4kyvyydelle. Yhdistysten j\u00e4senhankintaa tuemme digikampanjoinnilla ja j\u00e4senhankintamateriaaleilla.<\/p>\n\n\n\n<h3 class=\"wp-block-heading\">Yhteishenke\u00e4 tarvitaan<\/h3>\n\n\n\n<p class=\"wp-block-paragraph\">Kun ajat ovat haasteellisia, hyv\u00e4n yhteishengen merkitys korostuu. Palautetta ja erilaisia n\u00e4k\u00f6kulmia tarvitaan my\u00f6s, jotta toiminta edelleen kehittyy. Kannustamme rakentavaan keskusteluun avoimin mielin. Kerrotaan yhdess\u00e4 omasta toiminnastamme, sen vaikutuksista ja tarpeellisuudesta niin tuttaville kuin paikkakuntalaisille. Siin\u00e4 samalla voi kertoa my\u00f6s, mit\u00e4 hyv\u00e4\u00e4 el\u00e4m\u00e4\u00e4ns\u00e4 on itse saanut vapaaehtoisuudesta.<\/p>\n\n\n\n<p class=\"wp-block-paragraph\"><br>Eduskuntavaalien l\u00e4hestyess\u00e4 lis\u00e4\u00e4ntyv\u00e4t my\u00f6s tilaisuudet ottaa luontevasti puheeksi ehdokkaiden ja p\u00e4\u00e4tt\u00e4jien kanssa hengitysterveyden edist\u00e4mist\u00e4 edesauttavat ja hengityssairautta sairastavien arjen asiat.<\/p>\n\n\n\n<h3 class=\"wp-block-heading\">Kiitos, ett\u00e4 olette mukana<\/h3>\n\n\n\n<p class=\"wp-block-paragraph\">Hengitysyhdistysten toiminta ja vapaaehtoisten jaksaminen ei ole itsest\u00e4\u00e4nselvyys. Iso kiitos kuuluu jokaiselle yhdistykselle ja kaikille toiminnassa mukana oleville ihmisille siit\u00e4, ett\u00e4 pid\u00e4tte huolta itsenne lis\u00e4ksi my\u00f6s muista. Vertaistoimintaa ei olisi vastaavassa m\u00e4\u00e4rin ilman panostanne. <\/p>\n\n\n\n<p class=\"wp-block-paragraph\">L\u00e4mmin kiitos, ett\u00e4 olette mukana edist\u00e4m\u00e4ss\u00e4 yhteist\u00e4, t\u00e4rke\u00e4\u00e4 asiaamme. Hengitysliitto ja hengitysyhdistykset ovat ihmisi\u00e4 varten.<\/p>\n\n\n\n<h5 class=\"wp-block-heading\"><em>Hengitysliiton liittohallitus<\/em><\/h5>\n","protected":false},"excerpt":{"rendered":"<p>Hengitysliiton liittohallitus esitt\u00e4\u00e4 kiitoksensa kaikille hengitysyhdistyksille ja niiss\u00e4 toimiville vapaaehtoisille sek\u00e4 liiton valtakunnallisissa vapaaehtoisteht\u00e4viss\u00e4 toimiville ihmisille. Uusi strategiamme vie meit\u00e4 yhdess\u00e4 kohti p\u00e4\u00e4m\u00e4\u00e4r\u00e4\u00e4, jossa&#8230;<\/p>\n","protected":false},"author":11,"featured_media":0,"comment_status":"closed","ping_status":"closed","sticky":false,"template":"","format":"standard","meta":{"_acf_changed":false,"footnotes":""},"categories":[1],"tags":[],"class_list":["post-18786","post","type-post","status-publish","format-standard","hentry","category-yleinen"],"acf":[],"yoast_head":"<!-- This site is optimized with the Yoast SEO plugin v28.3 - https:\/\/yoast.com\/product\/yoast-seo-wordpress\/ -->\n<title>Kiitosta ja kannustusta - Yhdistysnetti<\/title>\n<meta name=\"robots\" content=\"index, follow, max-snippet:-1, max-image-preview:large, max-video-preview:-1\" \/>\n<link rel=\"canonical\" href=\"https:\/\/www.hengitysliitto.fi\/yhdistysnetti\/2026\/08\/27\/kiitosta-ja-kannustusta\/\" \/>\n<meta property=\"og:locale\" content=\"fi_FI\" \/>\n<meta property=\"og:type\" content=\"article\" \/>\n<meta property=\"og:title\" content=\"Kiitosta ja kannustusta - Yhdistysnetti\" \/>\n<meta property=\"og:description\" content=\"Hengitysliiton liittohallitus esitt\u00e4\u00e4 kiitoksensa kaikille hengitysyhdistyksille ja niiss\u00e4 toimiville vapaaehtoisille sek\u00e4 liiton valtakunnallisissa vapaaehtoisteht\u00e4viss\u00e4 toimiville ihmisille. Uusi strategiamme vie meit\u00e4 yhdess\u00e4 kohti p\u00e4\u00e4m\u00e4\u00e4r\u00e4\u00e4, jossa...\" \/>\n<meta property=\"og:url\" content=\"https:\/\/www.hengitysliitto.fi\/yhdistysnetti\/2026\/08\/27\/kiitosta-ja-kannustusta\/\" \/>\n<meta property=\"og:site_name\" content=\"Yhdistysnetti\" \/>\n<meta property=\"article:published_time\" content=\"2026-08-27T11:43:59+00:00\" \/>\n<meta name=\"author\" content=\"selinakangas\" \/>\n<meta name=\"twitter:card\" content=\"summary_large_image\" \/>\n<meta name=\"twitter:label1\" content=\"Kirjoittanut\" \/>\n\t<meta name=\"twitter:data1\" content=\"selinakangas\" \/>\n\t<meta name=\"twitter:label2\" content=\"Arvioitu lukuaika\" \/>\n\t<meta name=\"twitter:data2\" content=\"3 minuuttia\" \/>\n<script type=\"application\/ld+json\" class=\"yoast-schema-graph\">{\"@context\":\"https:\\\/\\\/schema.org\",\"@graph\":[{\"@type\":\"Article\",\"@id\":\"https:\\\/\\\/www.hengitysliitto.fi\\\/yhdistysnetti\\\/2026\\\/08\\\/27\\\/kiitosta-ja-kannustusta\\\/#article\",\"isPartOf\":{\"@id\":\"https:\\\/\\\/www.hengitysliitto.fi\\\/yhdistysnetti\\\/2026\\\/08\\\/27\\\/kiitosta-ja-kannustusta\\\/\"},\"author\":{\"name\":\"selinakangas\",\"@id\":\"https:\\\/\\\/www.hengitysliitto.fi\\\/yhdistysnetti\\\/#\\\/schema\\\/person\\\/9ffda814924b1afc6cb64050d41e975f\"},\"headline\":\"Kiitosta ja kannustusta\",\"datePublished\":\"2026-08-27T11:43:59+00:00\",\"mainEntityOfPage\":{\"@id\":\"https:\\\/\\\/www.hengitysliitto.fi\\\/yhdistysnetti\\\/2026\\\/08\\\/27\\\/kiitosta-ja-kannustusta\\\/\"},\"wordCount\":410,\"publisher\":{\"@id\":\"https:\\\/\\\/www.hengitysliitto.fi\\\/yhdistysnetti\\\/#organization\"},\"inLanguage\":\"fi\"},{\"@type\":\"WebPage\",\"@id\":\"https:\\\/\\\/www.hengitysliitto.fi\\\/yhdistysnetti\\\/2026\\\/08\\\/27\\\/kiitosta-ja-kannustusta\\\/\",\"url\":\"https:\\\/\\\/www.hengitysliitto.fi\\\/yhdistysnetti\\\/2026\\\/08\\\/27\\\/kiitosta-ja-kannustusta\\\/\",\"name\":\"Kiitosta ja kannustusta - Yhdistysnetti\",\"isPartOf\":{\"@id\":\"https:\\\/\\\/www.hengitysliitto.fi\\\/yhdistysnetti\\\/#website\"},\"datePublished\":\"2026-08-27T11:43:59+00:00\",\"breadcrumb\":{\"@id\":\"https:\\\/\\\/www.hengitysliitto.fi\\\/yhdistysnetti\\\/2026\\\/08\\\/27\\\/kiitosta-ja-kannustusta\\\/#breadcrumb\"},\"inLanguage\":\"fi\",\"potentialAction\":[{\"@type\":\"ReadAction\",\"target\":[\"https:\\\/\\\/www.hengitysliitto.fi\\\/yhdistysnetti\\\/2026\\\/08\\\/27\\\/kiitosta-ja-kannustusta\\\/\"]}]},{\"@type\":\"BreadcrumbList\",\"@id\":\"https:\\\/\\\/www.hengitysliitto.fi\\\/yhdistysnetti\\\/2026\\\/08\\\/27\\\/kiitosta-ja-kannustusta\\\/#breadcrumb\",\"itemListElement\":[{\"@type\":\"ListItem\",\"position\":1,\"name\":\"Etusivu\",\"item\":\"https:\\\/\\\/www.hengitysliitto.fi\\\/yhdistysnetti\\\/\"},{\"@type\":\"ListItem\",\"position\":2,\"name\":\"Kiitosta ja kannustusta\"}]},{\"@type\":\"WebSite\",\"@id\":\"https:\\\/\\\/www.hengitysliitto.fi\\\/yhdistysnetti\\\/#website\",\"url\":\"https:\\\/\\\/www.hengitysliitto.fi\\\/yhdistysnetti\\\/\",\"name\":\"Yhdistysnetti\",\"description\":\"Uusi Hengitysliitto Sites -sivusto\",\"publisher\":{\"@id\":\"https:\\\/\\\/www.hengitysliitto.fi\\\/yhdistysnetti\\\/#organization\"},\"potentialAction\":[{\"@type\":\"SearchAction\",\"target\":{\"@type\":\"EntryPoint\",\"urlTemplate\":\"https:\\\/\\\/www.hengitysliitto.fi\\\/yhdistysnetti\\\/?s={search_term_string}\"},\"query-input\":{\"@type\":\"PropertyValueSpecification\",\"valueRequired\":true,\"valueName\":\"search_term_string\"}}],\"inLanguage\":\"fi\"},{\"@type\":\"Organization\",\"@id\":\"https:\\\/\\\/www.hengitysliitto.fi\\\/yhdistysnetti\\\/#organization\",\"name\":\"Yhdistysnetti\",\"url\":\"https:\\\/\\\/www.hengitysliitto.fi\\\/yhdistysnetti\\\/\",\"logo\":{\"@type\":\"ImageObject\",\"inLanguage\":\"fi\",\"@id\":\"https:\\\/\\\/www.hengitysliitto.fi\\\/yhdistysnetti\\\/#\\\/schema\\\/logo\\\/image\\\/\",\"url\":\"https:\\\/\\\/www.hengitysliitto.fi\\\/yhdistysnetti\\\/wp-content\\\/uploads\\\/sites\\\/2\\\/2021\\\/03\\\/yhdistysnetti-logo-1.svg\",\"contentUrl\":\"https:\\\/\\\/www.hengitysliitto.fi\\\/yhdistysnetti\\\/wp-content\\\/uploads\\\/sites\\\/2\\\/2021\\\/03\\\/yhdistysnetti-logo-1.svg\",\"width\":150,\"height\":43,\"caption\":\"Yhdistysnetti\"},\"image\":{\"@id\":\"https:\\\/\\\/www.hengitysliitto.fi\\\/yhdistysnetti\\\/#\\\/schema\\\/logo\\\/image\\\/\"}},{\"@type\":\"Person\",\"@id\":\"https:\\\/\\\/www.hengitysliitto.fi\\\/yhdistysnetti\\\/#\\\/schema\\\/person\\\/9ffda814924b1afc6cb64050d41e975f\",\"name\":\"selinakangas\",\"image\":{\"@type\":\"ImageObject\",\"inLanguage\":\"fi\",\"@id\":\"https:\\\/\\\/secure.gravatar.com\\\/avatar\\\/35d865a2213c64b62c90464f19ddcca43635575b082cdba469487f8e94020365?s=96&d=mm&r=g\",\"url\":\"https:\\\/\\\/secure.gravatar.com\\\/avatar\\\/35d865a2213c64b62c90464f19ddcca43635575b082cdba469487f8e94020365?s=96&d=mm&r=g\",\"contentUrl\":\"https:\\\/\\\/secure.gravatar.com\\\/avatar\\\/35d865a2213c64b62c90464f19ddcca43635575b082cdba469487f8e94020365?s=96&d=mm&r=g\",\"caption\":\"selinakangas\"}}]}<\/script>\n<!-- \/ Yoast SEO plugin. -->","yoast_head_json":{"title":"Kiitosta ja kannustusta - Yhdistysnetti","robots":{"index":"index","follow":"follow","max-snippet":"max-snippet:-1","max-image-preview":"max-image-preview:large","max-video-preview":"max-video-preview:-1"},"canonical":"https:\/\/www.hengitysliitto.fi\/yhdistysnetti\/2026\/08\/27\/kiitosta-ja-kannustusta\/","og_locale":"fi_FI","og_type":"article","og_title":"Kiitosta ja kannustusta - Yhdistysnetti","og_description":"Hengitysliiton liittohallitus esitt\u00e4\u00e4 kiitoksensa kaikille hengitysyhdistyksille ja niiss\u00e4 toimiville vapaaehtoisille sek\u00e4 liiton valtakunnallisissa vapaaehtoisteht\u00e4viss\u00e4 toimiville ihmisille. Uusi strategiamme vie meit\u00e4 yhdess\u00e4 kohti p\u00e4\u00e4m\u00e4\u00e4r\u00e4\u00e4, jossa...","og_url":"https:\/\/www.hengitysliitto.fi\/yhdistysnetti\/2026\/08\/27\/kiitosta-ja-kannustusta\/","og_site_name":"Yhdistysnetti","article_published_time":"2026-08-27T11:43:59+00:00","author":"selinakangas","twitter_card":"summary_large_image","twitter_misc":{"Kirjoittanut":"selinakangas","Arvioitu lukuaika":"3 minuuttia"},"schema":{"@context":"https:\/\/schema.org","@graph":[{"@type":"Article","@id":"https:\/\/www.hengitysliitto.fi\/yhdistysnetti\/2026\/08\/27\/kiitosta-ja-kannustusta\/#article","isPartOf":{"@id":"https:\/\/www.hengitysliitto.fi\/yhdistysnetti\/2026\/08\/27\/kiitosta-ja-kannustusta\/"},"author":{"name":"selinakangas","@id":"https:\/\/www.hengitysliitto.fi\/yhdistysnetti\/#\/schema\/person\/9ffda814924b1afc6cb64050d41e975f"},"headline":"Kiitosta ja kannustusta","datePublished":"2026-08-27T11:43:59+00:00","mainEntityOfPage":{"@id":"https:\/\/www.hengitysliitto.fi\/yhdistysnetti\/2026\/08\/27\/kiitosta-ja-kannustusta\/"},"wordCount":410,"publisher":{"@id":"https:\/\/www.hengitysliitto.fi\/yhdistysnetti\/#organization"},"inLanguage":"fi"},{"@type":"WebPage","@id":"https:\/\/www.hengitysliitto.fi\/yhdistysnetti\/2026\/08\/27\/kiitosta-ja-kannustusta\/","url":"https:\/\/www.hengitysliitto.fi\/yhdistysnetti\/2026\/08\/27\/kiitosta-ja-kannustusta\/","name":"Kiitosta ja kannustusta - Yhdistysnetti","isPartOf":{"@id":"https:\/\/www.hengitysliitto.fi\/yhdistysnetti\/#website"},"datePublished":"2026-08-27T11:43:59+00:00","breadcrumb":{"@id":"https:\/\/www.hengitysliitto.fi\/yhdistysnetti\/2026\/08\/27\/kiitosta-ja-kannustusta\/#breadcrumb"},"inLanguage":"fi","potentialAction":[{"@type":"ReadAction","target":["https:\/\/www.hengitysliitto.fi\/yhdistysnetti\/2026\/08\/27\/kiitosta-ja-kannustusta\/"]}]},{"@type":"BreadcrumbList","@id":"https:\/\/www.hengitysliitto.fi\/yhdistysnetti\/2026\/08\/27\/kiitosta-ja-kannustusta\/#breadcrumb","itemListElement":[{"@type":"ListItem","position":1,"name":"Etusivu","item":"https:\/\/www.hengitysliitto.fi\/yhdistysnetti\/"},{"@type":"ListItem","position":2,"name":"Kiitosta ja kannustusta"}]},{"@type":"WebSite","@id":"https:\/\/www.hengitysliitto.fi\/yhdistysnetti\/#website","url":"https:\/\/www.hengitysliitto.fi\/yhdistysnetti\/","name":"Yhdistysnetti","description":"Uusi Hengitysliitto Sites -sivusto","publisher":{"@id":"https:\/\/www.hengitysliitto.fi\/yhdistysnetti\/#organization"},"potentialAction":[{"@type":"SearchAction","target":{"@type":"EntryPoint","urlTemplate":"https:\/\/www.hengitysliitto.fi\/yhdistysnetti\/?s={search_term_string}"},"query-input":{"@type":"PropertyValueSpecification","valueRequired":true,"valueName":"search_term_string"}}],"inLanguage":"fi"},{"@type":"Organization","@id":"https:\/\/www.hengitysliitto.fi\/yhdistysnetti\/#organization","name":"Yhdistysnetti","url":"https:\/\/www.hengitysliitto.fi\/yhdistysnetti\/","logo":{"@type":"ImageObject","inLanguage":"fi","@id":"https:\/\/www.hengitysliitto.fi\/yhdistysnetti\/#\/schema\/logo\/image\/","url":"https:\/\/www.hengitysliitto.fi\/yhdistysnetti\/wp-content\/uploads\/sites\/2\/2021\/03\/yhdistysnetti-logo-1.svg","contentUrl":"https:\/\/www.hengitysliitto.fi\/yhdistysnetti\/wp-content\/uploads\/sites\/2\/2021\/03\/yhdistysnetti-logo-1.svg","width":150,"height":43,"caption":"Yhdistysnetti"},"image":{"@id":"https:\/\/www.hengitysliitto.fi\/yhdistysnetti\/#\/schema\/logo\/image\/"}},{"@type":"Person","@id":"https:\/\/www.hengitysliitto.fi\/yhdistysnetti\/#\/schema\/person\/9ffda814924b1afc6cb64050d41e975f","name":"selinakangas","image":{"@type":"ImageObject","inLanguage":"fi","@id":"https:\/\/secure.gravatar.com\/avatar\/35d865a2213c64b62c90464f19ddcca43635575b082cdba469487f8e94020365?s=96&d=mm&r=g","url":"https:\/\/secure.gravatar.com\/avatar\/35d865a2213c64b62c90464f19ddcca43635575b082cdba469487f8e94020365?s=96&d=mm&r=g","contentUrl":"https:\/\/secure.gravatar.com\/avatar\/35d865a2213c64b62c90464f19ddcca43635575b082cdba469487f8e94020365?s=96&d=mm&r=g","caption":"selinakangas"}}]}},"_links":{"self":[{"href":"https:\/\/www.hengitysliitto.fi\/yhdistysnetti\/wp-json\/wp\/v2\/posts\/18786","targetHints":{"allow":["GET"]}}],"collection":[{"href":"https:\/\/www.hengitysliitto.fi\/yhdistysnetti\/wp-json\/wp\/v2\/posts"}],"about":[{"href":"https:\/\/www.hengitysliitto.fi\/yhdistysnetti\/wp-json\/wp\/v2\/types\/post"}],"author":[{"embeddable":true,"href":"https:\/\/www.hengitysliitto.fi\/yhdistysnetti\/wp-json\/wp\/v2\/users\/11"}],"replies":[{"embeddable":true,"href":"https:\/\/www.hengitysliitto.fi\/yhdistysnetti\/wp-json\/wp\/v2\/comments?post=18786"}],"version-history":[{"count":5,"href":"https:\/\/www.hengitysliitto.fi\/yhdistysnetti\/wp-json\/wp\/v2\/posts\/18786\/revisions"}],"predecessor-version":[{"id":18791,"href":"https:\/\/www.hengitysliitto.fi\/yhdistysnetti\/wp-json\/wp\/v2\/posts\/18786\/revisions\/18791"}],"wp:attachment":[{"href":"https:\/\/www.hengitysliitto.fi\/yhdistysnetti\/wp-json\/wp\/v2\/media?parent=18786"}],"wp:term":[{"taxonomy":"category","embeddable":true,"href":"https:\/\/www.hengitysliitto.fi\/yhdistysnetti\/wp-json\/wp\/v2\/categories?post=18786"},{"taxonomy":"post_tag","embeddable":true,"href":"https:\/\/www.hengitysliitto.fi\/yhdistysnetti\/wp-json\/wp\/v2\/tags?post=18786"}],"curies":[{"name":"wp","href":"https:\/\/api.w.org\/{rel}","templated":true}]}}